{"id":66921,"date":"2025-06-20T19:30:43","date_gmt":"2025-06-20T19:30:43","guid":{"rendered":"https:\/\/faithoklahoma.com\/directory\/2025\/06\/20\/iglesia-celebracion-vida-cristiana-54405\/"},"modified":"2025-06-20T19:30:43","modified_gmt":"2025-06-20T19:30:43","slug":"iglesia-celebracion-vida-cristiana-54405","status":"publish","type":"post","link":"https:\/\/faithoklahoma.com\/directory\/2025\/06\/20\/iglesia-celebracion-vida-cristiana-54405\/","title":{"rendered":"Iglesia Celebraci\u00f3n Vida Cristiana 54405"},"content":{"rendered":"<p>Churches<\/p>\n<p>Iglesia Celebraci\u00f3n Vida Cristiana<br \/>\n122 N 2nd St, Abbotsford, WI 54405<br \/>\n<a href=\"https:\/\/duckduckgo.com\/?t=h_&amp;q=Iglesia Celebraci\u00f3n Vida Cristiana 122 N 2nd St, Abbotsford, WI 54405\">Iglesia Celebraci\u00f3n Vida Cristiana Search<\/a><br \/>\n<a href=\"https:\/\/www.facebook.com\/search\/top\/?q=Iglesia Celebraci\u00f3n Vida Cristiana 122 N 2nd St, Abbotsford, WI 54405\">Facebook Iglesia Celebraci\u00f3n Vida Cristiana Search <\/a><br \/>\n<form role=\"search\" method=\"get\" class=\"search-form\" action=\"https:\/\/faithoklahoma.com\/directory\/\">\n\t\t\t\t<label>\n\t\t\t\t\t<span class=\"screen-reader-text\">Search for:<\/span>\n\t\t\t\t\t<input type=\"search\" class=\"search-field\" placeholder=\"Search &hellip;\" value=\"\" name=\"s\" \/>\n\t\t\t\t<\/label>\n\t\t\t\t<input type=\"submit\" class=\"search-submit\" value=\"Search\" \/>\n\t\t\t<input type=\"hidden\" name=\"id\" value=\"3\" \/><\/form><\/p>\n<p>untested url =https:\/\/www.facebook.com\/celebracionvidacristiana.ong<br \/>\nuntested facebook link https:\/\/www.facebook.com\/celebracionvidacristiana.ong<\/p>\n","protected":false},"excerpt":{"rendered":"<p>Churches Iglesia Celebraci\u00f3n Vida Cristiana 122 N 2nd St, Abbotsford, WI 54405 Iglesia Celebraci\u00f3n Vida Cristiana Search Facebook Iglesia Celebraci\u00f3n Vida Cristiana Search untested url =https:\/\/www.facebook.com\/celebracionvidacristiana.ong untested facebook link https:\/\/www.facebook.com\/celebracionvidacristiana.ong<\/p>\n","protected":false},"author":1,"featured_media":0,"comment_status":"open","ping_status":"open","sticky":false,"template":"","format":"standard","meta":{"footnotes":""},"categories":[7],"tags":[],"class_list":["post-66921","post","type-post","status-publish","format-standard","hentry","category-wisconsin"],"_links":{"self":[{"href":"https:\/\/faithoklahoma.com\/directory\/wp-json\/wp\/v2\/posts\/66921","targetHints":{"allow":["GET"]}}],"collection":[{"href":"https:\/\/faithoklahoma.com\/directory\/wp-json\/wp\/v2\/posts"}],"about":[{"href":"https:\/\/faithoklahoma.com\/directory\/wp-json\/wp\/v2\/types\/post"}],"author":[{"embeddable":true,"href":"https:\/\/faithoklahoma.com\/directory\/wp-json\/wp\/v2\/users\/1"}],"replies":[{"embeddable":true,"href":"https:\/\/faithoklahoma.com\/directory\/wp-json\/wp\/v2\/comments?post=66921"}],"version-history":[{"count":0,"href":"https:\/\/faithoklahoma.com\/directory\/wp-json\/wp\/v2\/posts\/66921\/revisions"}],"wp:attachment":[{"href":"https:\/\/faithoklahoma.com\/directory\/wp-json\/wp\/v2\/media?parent=66921"}],"wp:term":[{"taxonomy":"category","embeddable":true,"href":"https:\/\/faithoklahoma.com\/directory\/wp-json\/wp\/v2\/categories?post=66921"},{"taxonomy":"post_tag","embeddable":true,"href":"https:\/\/faithoklahoma.com\/directory\/wp-json\/wp\/v2\/tags?post=66921"}],"curies":[{"name":"wp","href":"https:\/\/api.w.org\/{rel}","templated":true}]}}