{"id":148773,"date":"2025-06-20T23:03:37","date_gmt":"2025-06-20T23:03:37","guid":{"rendered":"https:\/\/faithoklahoma.com\/directory\/2025\/06\/20\/iglesia-adventista-del-septimo-dia-alamo-tx-78516\/"},"modified":"2025-06-20T23:03:37","modified_gmt":"2025-06-20T23:03:37","slug":"iglesia-adventista-del-septimo-dia-alamo-tx-78516","status":"publish","type":"post","link":"https:\/\/faithoklahoma.com\/directory\/2025\/06\/20\/iglesia-adventista-del-septimo-dia-alamo-tx-78516\/","title":{"rendered":"Iglesia Adventista del S\u00e9ptimo dia Alamo Tx 78516"},"content":{"rendered":"<p>Churches<\/p>\n<p>Iglesia Adventista del S\u00e9ptimo dia Alamo Tx<br \/>\n930 Cesar Chavez Rd, Alamo, TX 78516<br \/>\n<a href=\"https:\/\/duckduckgo.com\/?t=h_&amp;q=Iglesia Adventista del S\u00e9ptimo dia Alamo Tx 930 Cesar Chavez Rd, Alamo, TX 78516\">Iglesia Adventista del S\u00e9ptimo dia Alamo Tx Search<\/a><br \/>\n<a href=\"https:\/\/www.facebook.com\/search\/top\/?q=Iglesia Adventista del S\u00e9ptimo dia Alamo Tx 930 Cesar Chavez Rd, Alamo, TX 78516\">Facebook Iglesia Adventista del S\u00e9ptimo dia Alamo Tx Search <\/a><br \/>\n<form role=\"search\" method=\"get\" class=\"search-form\" action=\"https:\/\/faithoklahoma.com\/directory\/\">\n\t\t\t\t<label>\n\t\t\t\t\t<span class=\"screen-reader-text\">Search for:<\/span>\n\t\t\t\t\t<input type=\"search\" class=\"search-field\" placeholder=\"Search &hellip;\" value=\"\" name=\"s\" \/>\n\t\t\t\t<\/label>\n\t\t\t\t<input type=\"submit\" class=\"search-submit\" value=\"Search\" \/>\n\t\t\t<input type=\"hidden\" name=\"id\" value=\"3\" \/><\/form><\/p>\n<p>untested url =https:\/\/www.facebook.com\/Iglesia-Adventista-Alamo-Tx-493164684550505\/<br \/>\nuntested facebook link https:\/\/www.facebook.com\/Iglesia-Adventista-Alamo-Tx-493164684550505\/<\/p>\n","protected":false},"excerpt":{"rendered":"<p>Churches Iglesia Adventista del S\u00e9ptimo dia Alamo Tx 930 Cesar Chavez Rd, Alamo, TX 78516 Iglesia Adventista del S\u00e9ptimo dia Alamo Tx Search Facebook Iglesia Adventista del S\u00e9ptimo dia Alamo Tx Search untested url =https:\/\/www.facebook.com\/Iglesia-Adventista-Alamo-Tx-493164684550505\/ untested facebook link https:\/\/www.facebook.com\/Iglesia-Adventista-Alamo-Tx-493164684550505\/<\/p>\n","protected":false},"author":1,"featured_media":0,"comment_status":"open","ping_status":"open","sticky":false,"template":"","format":"standard","meta":{"footnotes":""},"categories":[17],"tags":[],"class_list":["post-148773","post","type-post","status-publish","format-standard","hentry","category-texas"],"_links":{"self":[{"href":"https:\/\/faithoklahoma.com\/directory\/wp-json\/wp\/v2\/posts\/148773","targetHints":{"allow":["GET"]}}],"collection":[{"href":"https:\/\/faithoklahoma.com\/directory\/wp-json\/wp\/v2\/posts"}],"about":[{"href":"https:\/\/faithoklahoma.com\/directory\/wp-json\/wp\/v2\/types\/post"}],"author":[{"embeddable":true,"href":"https:\/\/faithoklahoma.com\/directory\/wp-json\/wp\/v2\/users\/1"}],"replies":[{"embeddable":true,"href":"https:\/\/faithoklahoma.com\/directory\/wp-json\/wp\/v2\/comments?post=148773"}],"version-history":[{"count":0,"href":"https:\/\/faithoklahoma.com\/directory\/wp-json\/wp\/v2\/posts\/148773\/revisions"}],"wp:attachment":[{"href":"https:\/\/faithoklahoma.com\/directory\/wp-json\/wp\/v2\/media?parent=148773"}],"wp:term":[{"taxonomy":"category","embeddable":true,"href":"https:\/\/faithoklahoma.com\/directory\/wp-json\/wp\/v2\/categories?post=148773"},{"taxonomy":"post_tag","embeddable":true,"href":"https:\/\/faithoklahoma.com\/directory\/wp-json\/wp\/v2\/tags?post=148773"}],"curies":[{"name":"wp","href":"https:\/\/api.w.org\/{rel}","templated":true}]}}